{"id":35029,"date":"2026-04-21T13:49:57","date_gmt":"2026-04-21T17:49:57","guid":{"rendered":"https:\/\/editorialpanhouse.com\/ve\/?p=35029"},"modified":"2026-04-21T13:57:45","modified_gmt":"2026-04-21T17:57:45","slug":"nuevas-voces-de-la-literatura-colombiana","status":"publish","type":"post","link":"https:\/\/editorialpanhouse.com\/ve\/blog\/2026\/04\/21\/nuevas-voces-de-la-literatura-colombiana\/","title":{"rendered":"PanHouse en Autor 360: visi\u00f3n editorial actual"},"content":{"rendered":"\n<p>La m\u00e1s reciente edici\u00f3n de <em>Autor 360: Networking de \u00c9xito<\/em> dej\u00f3 claro que el ecosistema editorial en Puerto Rico est\u00e1 viviendo una transformaci\u00f3n profunda. Con aforo completo y una audiencia altamente participativa, el encuentro se consolid\u00f3 como una de las plataformas m\u00e1s relevantes para escritores y creadores que buscan trascender m\u00e1s all\u00e1 de la publicaci\u00f3n tradicional.<\/p>\n\n\n\n<p>Lejos de limitarse a la inspiraci\u00f3n, el evento apost\u00f3 por una visi\u00f3n pr\u00e1ctica y estrat\u00e9gica del oficio de escribir. Uno de los momentos m\u00e1s destacados fue la intervenci\u00f3n de Jonathan Somoza, director editorial de PanHouse Casa Editorial, quien ofreci\u00f3 una lectura clara del panorama actual y de las oportunidades reales que tienen los autores para posicionarse, especialmente en mercados emergentes.<\/p>\n\n\n\n<p>El mensaje central fue contundente: hoy, el autor no puede ser \u00fanicamente creador, debe convertirse en una marca. En un entorno donde la visibilidad es clave, <em>Autor 360<\/em> impuls\u00f3 un cambio de mentalidad necesario, poniendo sobre la mesa la importancia del posicionamiento digital, el networking y la construcci\u00f3n de una propuesta de valor s\u00f3lida.<\/p>\n\n\n\n<p>En este contexto, el rol de PanHouse Casa Editorial tambi\u00e9n cobr\u00f3 protagonismo, reafirm\u00e1ndose como un aliado estrat\u00e9gico para los autores que buscan profesionalizar su carrera. Su enfoque integral \u2014que combina herramientas, acompa\u00f1amiento y exposici\u00f3n\u2014 refleja una tendencia creciente hacia modelos editoriales m\u00e1s din\u00e1micos y orientados a resultados.<\/p>\n\n\n\n<p>M\u00e1s que un evento exitoso, <em>Autor 360<\/em> se perfila como un term\u00f3metro del crecimiento creativo en la isla. Su impacto no solo radica en la convocatoria, sino en su capacidad de redefinir el rol del autor contempor\u00e1neo: de escritor a estratega, de creador a constructor de marca. Un cambio que, sin duda, marcar\u00e1 el rumbo de la industria en los pr\u00f3ximos a\u00f1os.<\/p>\n","protected":false},"excerpt":{"rendered":"<p>La m\u00e1s reciente edici\u00f3n de Autor 360: Networking de \u00c9xito dej\u00f3 claro que el ecosistema editorial en Puerto Rico est\u00e1 viviendo una transformaci\u00f3n profunda. Con aforo completo y una audiencia altamente participativa, el encuentro se consolid\u00f3 como una de las plataformas m\u00e1s relevantes para escritores y creadores que buscan trascender m\u00e1s all\u00e1 de la publicaci\u00f3n [&hellip;]<\/p>\n","protected":false},"author":362,"featured_media":35435,"comment_status":"open","ping_status":"open","sticky":false,"template":"","format":"standard","meta":{"_acf_changed":false,"footnotes":""},"categories":[1040],"tags":[],"class_list":["post-35029","post","type-post","status-publish","format-standard","has-post-thumbnail","hentry","category-eventos"],"acf":[],"yoast_head":"<!-- This site is optimized with the Yoast SEO plugin v27.4 - https:\/\/yoast.com\/product\/yoast-seo-wordpress\/ -->\n<title>PanHouse en Autor 360: visi\u00f3n editorial actual - Venezuela<\/title>\n<meta name=\"robots\" content=\"index, follow, max-snippet:-1, max-image-preview:large, max-video-preview:-1\" \/>\n<link rel=\"canonical\" href=\"https:\/\/editorialpanhouse.com\/ve\/blog\/2026\/04\/21\/nuevas-voces-de-la-literatura-colombiana\/\" \/>\n<meta property=\"og:locale\" content=\"es_ES\" \/>\n<meta property=\"og:type\" content=\"article\" \/>\n<meta property=\"og:title\" content=\"PanHouse en Autor 360: visi\u00f3n editorial actual - Venezuela\" \/>\n<meta property=\"og:description\" content=\"La m\u00e1s reciente edici\u00f3n de Autor 360: Networking de \u00c9xito dej\u00f3 claro que el ecosistema editorial en Puerto Rico est\u00e1 viviendo una transformaci\u00f3n profunda. Con aforo completo y una audiencia altamente participativa, el encuentro se consolid\u00f3 como una de las plataformas m\u00e1s relevantes para escritores y creadores que buscan trascender m\u00e1s all\u00e1 de la publicaci\u00f3n [&hellip;]\" \/>\n<meta property=\"og:url\" content=\"https:\/\/editorialpanhouse.com\/ve\/blog\/2026\/04\/21\/nuevas-voces-de-la-literatura-colombiana\/\" \/>\n<meta property=\"og:site_name\" content=\"Venezuela\" \/>\n<meta property=\"article:published_time\" content=\"2026-04-21T17:49:57+00:00\" \/>\n<meta property=\"article:modified_time\" content=\"2026-04-21T17:57:45+00:00\" \/>\n<meta property=\"og:image\" content=\"https:\/\/editorialpanhouse.com\/ve\/wp-content\/uploads\/sites\/2\/2026\/03\/WhatsApp-Image-2026-04-20-at-2.56.11-PM.jpeg\" \/>\n\t<meta property=\"og:image:width\" content=\"2048\" \/>\n\t<meta property=\"og:image:height\" content=\"1366\" \/>\n\t<meta property=\"og:image:type\" content=\"image\/jpeg\" \/>\n<meta name=\"author\" content=\"Barbara Carballo\" \/>\n<meta name=\"twitter:card\" content=\"summary_large_image\" \/>\n<meta name=\"twitter:label1\" content=\"Escrito por\" \/>\n\t<meta name=\"twitter:data1\" content=\"Barbara Carballo\" \/>\n\t<meta name=\"twitter:label2\" content=\"Tiempo de lectura\" \/>\n\t<meta name=\"twitter:data2\" content=\"2 minutos\" \/>\n<script type=\"application\/ld+json\" class=\"yoast-schema-graph\">{\"@context\":\"https:\\\/\\\/schema.org\",\"@graph\":[{\"@type\":\"Article\",\"@id\":\"https:\\\/\\\/editorialpanhouse.com\\\/ve\\\/blog\\\/2026\\\/04\\\/21\\\/nuevas-voces-de-la-literatura-colombiana\\\/#article\",\"isPartOf\":{\"@id\":\"https:\\\/\\\/editorialpanhouse.com\\\/ve\\\/blog\\\/2026\\\/04\\\/21\\\/nuevas-voces-de-la-literatura-colombiana\\\/\"},\"author\":{\"name\":\"Barbara Carballo\",\"@id\":\"https:\\\/\\\/editorialpanhouse.com\\\/ve\\\/#\\\/schema\\\/person\\\/b0ea276fd2ca389cb0bf96d2005b3843\"},\"headline\":\"PanHouse en Autor 360: visi\u00f3n editorial actual\",\"datePublished\":\"2026-04-21T17:49:57+00:00\",\"dateModified\":\"2026-04-21T17:57:45+00:00\",\"mainEntityOfPage\":{\"@id\":\"https:\\\/\\\/editorialpanhouse.com\\\/ve\\\/blog\\\/2026\\\/04\\\/21\\\/nuevas-voces-de-la-literatura-colombiana\\\/\"},\"wordCount\":309,\"commentCount\":0,\"image\":{\"@id\":\"https:\\\/\\\/editorialpanhouse.com\\\/ve\\\/blog\\\/2026\\\/04\\\/21\\\/nuevas-voces-de-la-literatura-colombiana\\\/#primaryimage\"},\"thumbnailUrl\":\"https:\\\/\\\/editorialpanhouse.com\\\/ve\\\/wp-content\\\/uploads\\\/sites\\\/2\\\/2026\\\/03\\\/WhatsApp-Image-2026-04-20-at-2.56.11-PM.jpeg\",\"articleSection\":[\"Eventos\"],\"inLanguage\":\"es\",\"potentialAction\":[{\"@type\":\"CommentAction\",\"name\":\"Comment\",\"target\":[\"https:\\\/\\\/editorialpanhouse.com\\\/ve\\\/blog\\\/2026\\\/04\\\/21\\\/nuevas-voces-de-la-literatura-colombiana\\\/#respond\"]}]},{\"@type\":\"WebPage\",\"@id\":\"https:\\\/\\\/editorialpanhouse.com\\\/ve\\\/blog\\\/2026\\\/04\\\/21\\\/nuevas-voces-de-la-literatura-colombiana\\\/\",\"url\":\"https:\\\/\\\/editorialpanhouse.com\\\/ve\\\/blog\\\/2026\\\/04\\\/21\\\/nuevas-voces-de-la-literatura-colombiana\\\/\",\"name\":\"PanHouse en Autor 360: visi\u00f3n editorial actual - Venezuela\",\"isPartOf\":{\"@id\":\"https:\\\/\\\/editorialpanhouse.com\\\/ve\\\/#website\"},\"primaryImageOfPage\":{\"@id\":\"https:\\\/\\\/editorialpanhouse.com\\\/ve\\\/blog\\\/2026\\\/04\\\/21\\\/nuevas-voces-de-la-literatura-colombiana\\\/#primaryimage\"},\"image\":{\"@id\":\"https:\\\/\\\/editorialpanhouse.com\\\/ve\\\/blog\\\/2026\\\/04\\\/21\\\/nuevas-voces-de-la-literatura-colombiana\\\/#primaryimage\"},\"thumbnailUrl\":\"https:\\\/\\\/editorialpanhouse.com\\\/ve\\\/wp-content\\\/uploads\\\/sites\\\/2\\\/2026\\\/03\\\/WhatsApp-Image-2026-04-20-at-2.56.11-PM.jpeg\",\"datePublished\":\"2026-04-21T17:49:57+00:00\",\"dateModified\":\"2026-04-21T17:57:45+00:00\",\"author\":{\"@id\":\"https:\\\/\\\/editorialpanhouse.com\\\/ve\\\/#\\\/schema\\\/person\\\/b0ea276fd2ca389cb0bf96d2005b3843\"},\"breadcrumb\":{\"@id\":\"https:\\\/\\\/editorialpanhouse.com\\\/ve\\\/blog\\\/2026\\\/04\\\/21\\\/nuevas-voces-de-la-literatura-colombiana\\\/#breadcrumb\"},\"inLanguage\":\"es\",\"potentialAction\":[{\"@type\":\"ReadAction\",\"target\":[\"https:\\\/\\\/editorialpanhouse.com\\\/ve\\\/blog\\\/2026\\\/04\\\/21\\\/nuevas-voces-de-la-literatura-colombiana\\\/\"]}]},{\"@type\":\"ImageObject\",\"inLanguage\":\"es\",\"@id\":\"https:\\\/\\\/editorialpanhouse.com\\\/ve\\\/blog\\\/2026\\\/04\\\/21\\\/nuevas-voces-de-la-literatura-colombiana\\\/#primaryimage\",\"url\":\"https:\\\/\\\/editorialpanhouse.com\\\/ve\\\/wp-content\\\/uploads\\\/sites\\\/2\\\/2026\\\/03\\\/WhatsApp-Image-2026-04-20-at-2.56.11-PM.jpeg\",\"contentUrl\":\"https:\\\/\\\/editorialpanhouse.com\\\/ve\\\/wp-content\\\/uploads\\\/sites\\\/2\\\/2026\\\/03\\\/WhatsApp-Image-2026-04-20-at-2.56.11-PM.jpeg\",\"width\":2048,\"height\":1366},{\"@type\":\"BreadcrumbList\",\"@id\":\"https:\\\/\\\/editorialpanhouse.com\\\/ve\\\/blog\\\/2026\\\/04\\\/21\\\/nuevas-voces-de-la-literatura-colombiana\\\/#breadcrumb\",\"itemListElement\":[{\"@type\":\"ListItem\",\"position\":1,\"name\":\"Portada\",\"item\":\"https:\\\/\\\/editorialpanhouse.com\\\/ve\\\/\"},{\"@type\":\"ListItem\",\"position\":2,\"name\":\"PanHouse en Autor 360: visi\u00f3n editorial actual\"}]},{\"@type\":\"WebSite\",\"@id\":\"https:\\\/\\\/editorialpanhouse.com\\\/ve\\\/#website\",\"url\":\"https:\\\/\\\/editorialpanhouse.com\\\/ve\\\/\",\"name\":\"Venezuela\",\"description\":\"\",\"potentialAction\":[{\"@type\":\"SearchAction\",\"target\":{\"@type\":\"EntryPoint\",\"urlTemplate\":\"https:\\\/\\\/editorialpanhouse.com\\\/ve\\\/?s={search_term_string}\"},\"query-input\":{\"@type\":\"PropertyValueSpecification\",\"valueRequired\":true,\"valueName\":\"search_term_string\"}}],\"inLanguage\":\"es\"},{\"@type\":\"Person\",\"@id\":\"https:\\\/\\\/editorialpanhouse.com\\\/ve\\\/#\\\/schema\\\/person\\\/b0ea276fd2ca389cb0bf96d2005b3843\",\"name\":\"Barbara Carballo\",\"image\":{\"@type\":\"ImageObject\",\"inLanguage\":\"es\",\"@id\":\"https:\\\/\\\/secure.gravatar.com\\\/avatar\\\/8dbb83e20700c22a583ae9fdb831f1b386404dcc77e8da350a3f9bdad900cb57?s=96&d=mm&r=g\",\"url\":\"https:\\\/\\\/secure.gravatar.com\\\/avatar\\\/8dbb83e20700c22a583ae9fdb831f1b386404dcc77e8da350a3f9bdad900cb57?s=96&d=mm&r=g\",\"contentUrl\":\"https:\\\/\\\/secure.gravatar.com\\\/avatar\\\/8dbb83e20700c22a583ae9fdb831f1b386404dcc77e8da350a3f9bdad900cb57?s=96&d=mm&r=g\",\"caption\":\"Barbara Carballo\"},\"url\":\"https:\\\/\\\/editorialpanhouse.com\\\/ve\\\/blog\\\/author\\\/barbara-carballo\\\/\"}]}<\/script>\n<!-- \/ Yoast SEO plugin. -->","yoast_head_json":{"title":"PanHouse en Autor 360: visi\u00f3n editorial actual - Venezuela","robots":{"index":"index","follow":"follow","max-snippet":"max-snippet:-1","max-image-preview":"max-image-preview:large","max-video-preview":"max-video-preview:-1"},"canonical":"https:\/\/editorialpanhouse.com\/ve\/blog\/2026\/04\/21\/nuevas-voces-de-la-literatura-colombiana\/","og_locale":"es_ES","og_type":"article","og_title":"PanHouse en Autor 360: visi\u00f3n editorial actual - Venezuela","og_description":"La m\u00e1s reciente edici\u00f3n de Autor 360: Networking de \u00c9xito dej\u00f3 claro que el ecosistema editorial en Puerto Rico est\u00e1 viviendo una transformaci\u00f3n profunda. Con aforo completo y una audiencia altamente participativa, el encuentro se consolid\u00f3 como una de las plataformas m\u00e1s relevantes para escritores y creadores que buscan trascender m\u00e1s all\u00e1 de la publicaci\u00f3n [&hellip;]","og_url":"https:\/\/editorialpanhouse.com\/ve\/blog\/2026\/04\/21\/nuevas-voces-de-la-literatura-colombiana\/","og_site_name":"Venezuela","article_published_time":"2026-04-21T17:49:57+00:00","article_modified_time":"2026-04-21T17:57:45+00:00","og_image":[{"width":2048,"height":1366,"url":"https:\/\/editorialpanhouse.com\/ve\/wp-content\/uploads\/sites\/2\/2026\/03\/WhatsApp-Image-2026-04-20-at-2.56.11-PM.jpeg","type":"image\/jpeg"}],"author":"Barbara Carballo","twitter_card":"summary_large_image","twitter_misc":{"Escrito por":"Barbara Carballo","Tiempo de lectura":"2 minutos"},"schema":{"@context":"https:\/\/schema.org","@graph":[{"@type":"Article","@id":"https:\/\/editorialpanhouse.com\/ve\/blog\/2026\/04\/21\/nuevas-voces-de-la-literatura-colombiana\/#article","isPartOf":{"@id":"https:\/\/editorialpanhouse.com\/ve\/blog\/2026\/04\/21\/nuevas-voces-de-la-literatura-colombiana\/"},"author":{"name":"Barbara Carballo","@id":"https:\/\/editorialpanhouse.com\/ve\/#\/schema\/person\/b0ea276fd2ca389cb0bf96d2005b3843"},"headline":"PanHouse en Autor 360: visi\u00f3n editorial actual","datePublished":"2026-04-21T17:49:57+00:00","dateModified":"2026-04-21T17:57:45+00:00","mainEntityOfPage":{"@id":"https:\/\/editorialpanhouse.com\/ve\/blog\/2026\/04\/21\/nuevas-voces-de-la-literatura-colombiana\/"},"wordCount":309,"commentCount":0,"image":{"@id":"https:\/\/editorialpanhouse.com\/ve\/blog\/2026\/04\/21\/nuevas-voces-de-la-literatura-colombiana\/#primaryimage"},"thumbnailUrl":"https:\/\/editorialpanhouse.com\/ve\/wp-content\/uploads\/sites\/2\/2026\/03\/WhatsApp-Image-2026-04-20-at-2.56.11-PM.jpeg","articleSection":["Eventos"],"inLanguage":"es","potentialAction":[{"@type":"CommentAction","name":"Comment","target":["https:\/\/editorialpanhouse.com\/ve\/blog\/2026\/04\/21\/nuevas-voces-de-la-literatura-colombiana\/#respond"]}]},{"@type":"WebPage","@id":"https:\/\/editorialpanhouse.com\/ve\/blog\/2026\/04\/21\/nuevas-voces-de-la-literatura-colombiana\/","url":"https:\/\/editorialpanhouse.com\/ve\/blog\/2026\/04\/21\/nuevas-voces-de-la-literatura-colombiana\/","name":"PanHouse en Autor 360: visi\u00f3n editorial actual - Venezuela","isPartOf":{"@id":"https:\/\/editorialpanhouse.com\/ve\/#website"},"primaryImageOfPage":{"@id":"https:\/\/editorialpanhouse.com\/ve\/blog\/2026\/04\/21\/nuevas-voces-de-la-literatura-colombiana\/#primaryimage"},"image":{"@id":"https:\/\/editorialpanhouse.com\/ve\/blog\/2026\/04\/21\/nuevas-voces-de-la-literatura-colombiana\/#primaryimage"},"thumbnailUrl":"https:\/\/editorialpanhouse.com\/ve\/wp-content\/uploads\/sites\/2\/2026\/03\/WhatsApp-Image-2026-04-20-at-2.56.11-PM.jpeg","datePublished":"2026-04-21T17:49:57+00:00","dateModified":"2026-04-21T17:57:45+00:00","author":{"@id":"https:\/\/editorialpanhouse.com\/ve\/#\/schema\/person\/b0ea276fd2ca389cb0bf96d2005b3843"},"breadcrumb":{"@id":"https:\/\/editorialpanhouse.com\/ve\/blog\/2026\/04\/21\/nuevas-voces-de-la-literatura-colombiana\/#breadcrumb"},"inLanguage":"es","potentialAction":[{"@type":"ReadAction","target":["https:\/\/editorialpanhouse.com\/ve\/blog\/2026\/04\/21\/nuevas-voces-de-la-literatura-colombiana\/"]}]},{"@type":"ImageObject","inLanguage":"es","@id":"https:\/\/editorialpanhouse.com\/ve\/blog\/2026\/04\/21\/nuevas-voces-de-la-literatura-colombiana\/#primaryimage","url":"https:\/\/editorialpanhouse.com\/ve\/wp-content\/uploads\/sites\/2\/2026\/03\/WhatsApp-Image-2026-04-20-at-2.56.11-PM.jpeg","contentUrl":"https:\/\/editorialpanhouse.com\/ve\/wp-content\/uploads\/sites\/2\/2026\/03\/WhatsApp-Image-2026-04-20-at-2.56.11-PM.jpeg","width":2048,"height":1366},{"@type":"BreadcrumbList","@id":"https:\/\/editorialpanhouse.com\/ve\/blog\/2026\/04\/21\/nuevas-voces-de-la-literatura-colombiana\/#breadcrumb","itemListElement":[{"@type":"ListItem","position":1,"name":"Portada","item":"https:\/\/editorialpanhouse.com\/ve\/"},{"@type":"ListItem","position":2,"name":"PanHouse en Autor 360: visi\u00f3n editorial actual"}]},{"@type":"WebSite","@id":"https:\/\/editorialpanhouse.com\/ve\/#website","url":"https:\/\/editorialpanhouse.com\/ve\/","name":"Venezuela","description":"","potentialAction":[{"@type":"SearchAction","target":{"@type":"EntryPoint","urlTemplate":"https:\/\/editorialpanhouse.com\/ve\/?s={search_term_string}"},"query-input":{"@type":"PropertyValueSpecification","valueRequired":true,"valueName":"search_term_string"}}],"inLanguage":"es"},{"@type":"Person","@id":"https:\/\/editorialpanhouse.com\/ve\/#\/schema\/person\/b0ea276fd2ca389cb0bf96d2005b3843","name":"Barbara Carballo","image":{"@type":"ImageObject","inLanguage":"es","@id":"https:\/\/secure.gravatar.com\/avatar\/8dbb83e20700c22a583ae9fdb831f1b386404dcc77e8da350a3f9bdad900cb57?s=96&d=mm&r=g","url":"https:\/\/secure.gravatar.com\/avatar\/8dbb83e20700c22a583ae9fdb831f1b386404dcc77e8da350a3f9bdad900cb57?s=96&d=mm&r=g","contentUrl":"https:\/\/secure.gravatar.com\/avatar\/8dbb83e20700c22a583ae9fdb831f1b386404dcc77e8da350a3f9bdad900cb57?s=96&d=mm&r=g","caption":"Barbara Carballo"},"url":"https:\/\/editorialpanhouse.com\/ve\/blog\/author\/barbara-carballo\/"}]}},"_links":{"self":[{"href":"https:\/\/editorialpanhouse.com\/ve\/wp-json\/wp\/v2\/posts\/35029","targetHints":{"allow":["GET"]}}],"collection":[{"href":"https:\/\/editorialpanhouse.com\/ve\/wp-json\/wp\/v2\/posts"}],"about":[{"href":"https:\/\/editorialpanhouse.com\/ve\/wp-json\/wp\/v2\/types\/post"}],"author":[{"embeddable":true,"href":"https:\/\/editorialpanhouse.com\/ve\/wp-json\/wp\/v2\/users\/362"}],"replies":[{"embeddable":true,"href":"https:\/\/editorialpanhouse.com\/ve\/wp-json\/wp\/v2\/comments?post=35029"}],"version-history":[{"count":0,"href":"https:\/\/editorialpanhouse.com\/ve\/wp-json\/wp\/v2\/posts\/35029\/revisions"}],"wp:featuredmedia":[{"embeddable":true,"href":"https:\/\/editorialpanhouse.com\/ve\/wp-json\/wp\/v2\/media\/35435"}],"wp:attachment":[{"href":"https:\/\/editorialpanhouse.com\/ve\/wp-json\/wp\/v2\/media?parent=35029"}],"wp:term":[{"taxonomy":"category","embeddable":true,"href":"https:\/\/editorialpanhouse.com\/ve\/wp-json\/wp\/v2\/categories?post=35029"},{"taxonomy":"post_tag","embeddable":true,"href":"https:\/\/editorialpanhouse.com\/ve\/wp-json\/wp\/v2\/tags?post=35029"}],"curies":[{"name":"wp","href":"https:\/\/api.w.org\/{rel}","templated":true}]}}